[{"@context":"https:\/\/schema.org\/","@type":"Article","@id":"https:\/\/www.menergo.cz\/blizi-se-zapis-do-prvnich-trid\/#Article","mainEntityOfPage":"https:\/\/www.menergo.cz\/blizi-se-zapis-do-prvnich-trid\/","headline":"Bl\u00ed\u017e\u00ed se z\u00e1pis do prvn\u00edch t\u0159\u00edd","name":"Bl\u00ed\u017e\u00ed se z\u00e1pis do prvn\u00edch t\u0159\u00edd","description":"Z\u00e1pis d\u011bt\u00ed do prvn\u00edch t\u0159\u00edd je dan\u00fd z\u00e1konem o p\u0159ed\u0161koln\u00edm, z\u00e1kladn\u00edm, st\u0159edn\u00edm, vy\u0161\u0161\u00edm odborn\u00e9m a jin\u00e9m vzd\u011bl\u00e1n\u00ed, proto se ho mus\u00ed z\u00fa\u010dastnit v\u0161ichni d\u011bti p\u0159ed\u0161koln\u00edho v\u011bku. U z\u00e1pisu se rozhodne, <a class=\"more-link\" href=\"https:\/\/www.menergo.cz\/blizi-se-zapis-do-prvnich-trid\/\">[ a d\u00e1\u00e1l ]<\/a>","datePublished":"2023-04-27","dateModified":"2023-04-27","author":{"@type":"Person","@id":"https:\/\/www.menergo.cz\/author\/#Person","name":"menergo.cz\n","url":"https:\/\/www.menergo.cz\/author\/","identifier":1,"image":{"@type":"ImageObject","@id":"https:\/\/secure.gravatar.com\/avatar\/7b7a3ac09da7f6a75c5f1ebec5be454c22943a51b9f5595d89318ef09bd44dd1?s=96&d=mm&r=g","url":"https:\/\/secure.gravatar.com\/avatar\/7b7a3ac09da7f6a75c5f1ebec5be454c22943a51b9f5595d89318ef09bd44dd1?s=96&d=mm&r=g","height":96,"width":96}},"publisher":{"@type":"Organization","name":"menergo.cz","logo":{"@type":"ImageObject","@id":"\/logo.png","url":"\/logo.png","width":600,"height":60}},"url":"https:\/\/www.menergo.cz\/blizi-se-zapis-do-prvnich-trid\/","about":["Vzd\u011bl\u00e1n\u00ed"],"wordCount":470,"articleBody":"Z\u00e1pis d\u011bt\u00ed do prvn\u00edch t\u0159\u00edd je dan\u00fd z\u00e1konem o p\u0159ed\u0161koln\u00edm, z\u00e1kladn\u00edm, st\u0159edn\u00edm, vy\u0161\u0161\u00edm odborn\u00e9m a jin\u00e9m vzd\u011bl\u00e1n\u00ed, proto se ho mus\u00ed z\u00fa\u010dastnit v\u0161ichni d\u011bti p\u0159ed\u0161koln\u00edho v\u011bku. U z\u00e1pisu se rozhodne, zda d\u00edt\u011b, kter\u00e9 ji\u017e dos\u00e1hlo \u0161est\u00e9ho roku v\u011bku, m\u016f\u017ee nastoupit do prvn\u00ed t\u0159\u00eddy, nebo mu z\u00a0jist\u00fdch d\u016fvod\u016f bude povolen odklad \u0161koln\u00ed doch\u00e1zky.Koho do \u0161koly p\u0159ijmou, a kdo dostane odklad?D\u00edt\u011b m\u016f\u017ee b\u00fdt p\u0159ijato k\u00a0pln\u011bn\u00ed \u0161koln\u00ed doch\u00e1zky jedin\u011b tehdy, je-li p\u0159im\u011b\u0159en\u011b t\u011blesn\u011b i du\u0161evn\u011b vysp\u011bl\u00e9. Pokud u d\u00edt\u011bte n\u011bco v\u00e1zne, \u0161kola doporu\u010d\u00ed n\u00e1v\u0161t\u011bvu \u0161kolsk\u00e9ho poradensk\u00e9ho za\u0159\u00edzen\u00ed a odborn\u00e9ho l\u00e9ka\u0159e, kte\u0159\u00ed po vy\u0161et\u0159en\u00ed d\u00edt\u011bte daj\u00ed bu\u010fto doporu\u010den\u00ed k\u00a0p\u0159ijet\u00ed \u010di naopak odklad.Co musej\u00ed d\u011bti u z\u00e1pisu um\u011bt?P\u0159\u00edpravu na z\u00e1pis by rodi\u010de nem\u011bli podce\u0148ovat, ov\u0161em kl\u00e1st na d\u00edt\u011b zbyte\u010dn\u011b vysok\u00e9 n\u00e1roky tak\u00e9 nen\u00ed nejlep\u0161\u00ed \u0159e\u0161en\u00ed.Co by tedy d\u011bti m\u011bly um\u011bt:1.\u00a0\u00a0\u00a0\u00a0\u00a0\u00a0 M\u011bly by b\u00fdt pohybov\u011b vysp\u011bl\u00e9 \u2013 to znamen\u00e1, \u017ee mus\u00ed koordinovat sv\u00e9 pohyby, h\u00e1zet a chytat m\u00ed\u010de, b\u011bhat, sk\u00e1kat a udr\u017eet rovnov\u00e1hu na jedn\u00e9 noze.2.\u00a0\u00a0\u00a0\u00a0\u00a0\u00a0 M\u011bly by se um\u011bt obl\u00e9ci a obout se, rozv\u00e1zat a zav\u00e1zat tkani\u010dky, rozepnout zip a zapnout knofl\u00edky.3.\u00a0\u00a0\u00a0\u00a0\u00a0\u00a0 M\u011bly by um\u011bt pou\u017e\u00edvat p\u0159\u00edbor a samostatn\u011b se naj\u00edst.4.\u00a0\u00a0\u00a0\u00a0\u00a0\u00a0 Mus\u00ed zvl\u00e1dat osobn\u00ed hygienu.5.\u00a0\u00a0\u00a0\u00a0\u00a0\u00a0 M\u011bly by m\u00edt pod kontrolou vlastn\u00ed chov\u00e1n\u00ed a uv\u011bdomovat si svou zodpov\u011bdnost.6.\u00a0\u00a0\u00a0\u00a0\u00a0\u00a0 M\u011bly by um\u011bt samostatn\u011b vystupovat a vyj\u00e1d\u0159it sv\u016fj n\u00e1zor.7.\u00a0\u00a0\u00a0\u00a0\u00a0\u00a0 Mus\u00ed um\u011bt mluvit ve v\u011bt\u00e1ch, a zvl\u00e1dnout by m\u011bly b\u00e1sni\u010dku \u010di kr\u00e1tk\u00fd p\u0159\u00edb\u011bh.8.\u00a0\u00a0\u00a0\u00a0\u00a0\u00a0 M\u011bly by um\u011bt zach\u00e1zet s\u00a0p\u0159edm\u011bty denn\u00ed pot\u0159eby.9.\u00a0\u00a0\u00a0\u00a0\u00a0\u00a0 M\u011bly by um\u011bt kreslit, lepit i vyst\u0159ihovat.10.\u00a0\u00a0 Mus\u00ed um\u011bt rozeznat barvy, tvary i materi\u00e1ly.11.\u00a0\u00a0 M\u011bly by se um\u011bt soust\u0159edit i na v\u011bci, kter\u00e9 je p\u0159\u00edli\u0161 nebav\u00ed.12.\u00a0\u00a0 Mus\u00ed b\u00fdt schopni zapamatovat si, co vid\u00ed a sly\u0161\u00ed.13.\u00a0\u00a0 M\u011bly by zn\u00e1t z\u00e1kladn\u00ed soci\u00e1ln\u00ed pravidla.14.\u00a0\u00a0 Vhodn\u00e9 je tak\u00e9 um\u011bt nav\u00e1zat kontakt s\u00a0dosp\u011bl\u00fdmi a um\u011bt s\u00a0nimi komunikovat.15.\u00a0\u00a0 D\u016fle\u017eit\u00e1 je i spolupr\u00e1ce ve skupin\u011b dal\u0161\u00edch d\u011bt\u00ed.16.\u00a0\u00a0 M\u011bly by v\u011bd\u011bt, kde bydl\u00ed, jak se jmenuj\u00ed, i kam se obr\u00e1tit v\u00a0p\u0159\u00edpad\u011b nouze.                                                                                                                                                                                                                                                                                                                                                                                        4.3\/5 - (3 votes)        "},{"@context":"https:\/\/schema.org\/","@type":"BreadcrumbList","itemListElement":[{"@type":"ListItem","position":1,"name":"Bl\u00ed\u017e\u00ed se z\u00e1pis do prvn\u00edch t\u0159\u00edd","item":"https:\/\/www.menergo.cz\/blizi-se-zapis-do-prvnich-trid\/#breadcrumbitem"}]}]