[{"@context":"https:\/\/schema.org\/","@type":"Article","@id":"https:\/\/www.menergo.cz\/jak-jsou-na-tom-cesi-s-nakupy-v-akci\/#Article","mainEntityOfPage":"https:\/\/www.menergo.cz\/jak-jsou-na-tom-cesi-s-nakupy-v-akci\/","headline":"Jak jsou na tom \u010ce\u0161i s n\u00e1kupy \u201ev akci\u201c","name":"Jak jsou na tom \u010ce\u0161i s n\u00e1kupy \u201ev akci\u201c","description":"\u010ce\u0161i nakupuj\u00ed r\u016fzn\u00fdm zp\u016fsobem, jedni nedaj\u00ed na n\u00e1kupy \u201ev akci\u201c dopustit, sleduj\u00ed v\u00fdhradn\u011b let\u00e1ky velk\u00fdch hypermarket\u016f, kde pak nap\u0159. jednou v t\u00fddnu nakoup\u00ed v\u0161echno zbo\u017e\u00ed \u201ev akci\u201c, kolikr\u00e1t jim nen\u00ed <a class=\"more-link\" href=\"https:\/\/www.menergo.cz\/jak-jsou-na-tom-cesi-s-nakupy-v-akci\/\">[ a d\u00e1\u00e1l ]<\/a>","datePublished":"2023-04-27","dateModified":"2023-04-27","author":{"@type":"Person","@id":"https:\/\/www.menergo.cz\/author\/#Person","name":"menergo.cz\n","url":"https:\/\/www.menergo.cz\/author\/","identifier":1,"image":{"@type":"ImageObject","@id":"https:\/\/secure.gravatar.com\/avatar\/7b7a3ac09da7f6a75c5f1ebec5be454c22943a51b9f5595d89318ef09bd44dd1?s=96&d=mm&r=g","url":"https:\/\/secure.gravatar.com\/avatar\/7b7a3ac09da7f6a75c5f1ebec5be454c22943a51b9f5595d89318ef09bd44dd1?s=96&d=mm&r=g","height":96,"width":96}},"publisher":{"@type":"Organization","name":"menergo.cz","logo":{"@type":"ImageObject","@id":"\/logo.png","url":"\/logo.png","width":600,"height":60}},"url":"https:\/\/www.menergo.cz\/jak-jsou-na-tom-cesi-s-nakupy-v-akci\/","about":["Ekonomika"],"wordCount":481,"articleBody":"\u010ce\u0161i nakupuj\u00ed r\u016fzn\u00fdm zp\u016fsobem, jedni nedaj\u00ed na n\u00e1kupy \u201ev akci\u201c dopustit, sleduj\u00ed v\u00fdhradn\u011b let\u00e1ky velk\u00fdch hypermarket\u016f, kde pak nap\u0159. jednou v t\u00fddnu nakoup\u00ed v\u0161echno zbo\u017e\u00ed \u201ev akci\u201c, kolikr\u00e1t jim nen\u00ed na p\u0159ek\u00e1\u017eku objet n\u011bkolik hypermarket\u016f najednou, v jednom maj\u00ed \u201ev akci\u201c to, ve druh\u00e9m zase n\u011bco jin\u00e9ho. U rodin s d\u011btmi je takov\u00e9 nakupov\u00e1n\u00ed vcelku pochopiteln\u00e9 a logick\u00e9.Tito lid\u00e9 u\u017e si ov\u0161em neuv\u011bdomuj\u00ed, \u017ee velk\u00e9 \u0159et\u011bzce jdou na zbo\u017e\u00ed \u201ev akci\u201c velmi chytr\u00fdm zp\u016fsobem, ne\u017e se k tomuto zbo\u017e\u00ed dostanete, mus\u00edte proj\u00edt kolem z\u00e1m\u011brn\u011b vystaven\u00e9ho zbo\u017e\u00ed, u kter\u00e9ho se zastav\u00edte a zjist\u00edte, \u017ee ho tak\u00e9 \u201epot\u0159ebujete\u201c. Nav\u00edc u zbo\u017e\u00ed \u201ev akci\u201c kolikr\u00e1t koup\u00edte i takov\u00e9 zbo\u017e\u00ed, kter\u00e9 zrovna nepot\u0159ebujete, ale je p\u0159ece \u201ev akci\u201c.Z ekonomick\u00e9ho hlediska se t\u00fddenn\u00ed nebo 14-denn\u00ed velk\u00fd n\u00e1kup skute\u010dn\u011b vyplat\u00ed oproti tomu, kdybyste chodili nakupovat ka\u017ed\u00fd den, ale je dobr\u00e9 si p\u0159ed n\u00e1kupem, i kdy\u017e je \u201ev akci\u201c v\u0161e sepsat, co skute\u010dn\u011b koupit chcete a pot\u0159ebujete, tak\u00e9 je dobr\u00e9 d\u00e1vat si u ak\u010dn\u00edho zbo\u017e\u00ed d\u00e1vat pozor na datum spot\u0159eby, prodejce se t\u0159eba jen pot\u0159ebuje \u201ezbavit\u201c t\u00e9m\u011b\u0159 ji\u017e pro\u0161l\u00e9ho zbo\u017e\u00ed.V porovn\u00e1n\u00ed s ostatn\u00edmi st\u00e1ty, jako je nap\u0159. Slovensko, \u010di Bulharsko jsou \u010ce\u0161i v nakupov\u00e1n\u00ed \u201ev akci\u201c p\u0159eborn\u00edci, n\u011bkte\u0159\u00ed lid\u00e9 je p\u0159\u00edmo vyhled\u00e1vaj\u00ed, a net\u00fdk\u00e1 se to jen senior\u016f, nebo rodin s n\u00edzk\u00fdmi p\u0159\u00edjmy, \u010dasto jsou mezi takov\u00fdmi nakupuj\u00edc\u00edmi i lid\u00e9 s p\u0159\u00edjmy nadpr\u016fm\u011brn\u00fdmi.BLACK FRIDAYTohle je n\u011bco pro milovn\u00edky n\u00e1kup\u016f \u201ev akci\u201c, \u010cern\u00fd p\u00e1tek se bl\u00ed\u017e\u00ed a na lidi p\u0159ich\u00e1z\u00ed \u0161\u00edlenstv\u00ed.Co je vlastn\u011b BLACK FRIDAY neboli \u010cern\u00fd p\u00e1tek:Black Friday vznikl v USA, jeho historie sah\u00e1 a\u017e p\u0159ed rok 1961, v USA je to v\u017edy p\u00e1tek po Dni d\u00edkuvzd\u00e1n\u00ed. V tento den obchody otv\u00edraj\u00ed velmy brzy, n\u011bkter\u00e9 u\u017e ve \u010dty\u0159i hodiny r\u00e1no, vpust\u00ed z\u00e1kazn\u00edky do obchodu a ti sout\u011b\u017e\u00ed mezi sebou, kdo d\u0159\u00edv dob\u011bhne ke zbo\u017e\u00ed v akci, jeho po\u010det je ov\u0161em limitov\u00e1n. V tento den jsou slevy opravdu velk\u00e9, nejv\u00edce se to t\u00fdk\u00e1 obchod\u016f s elektronikou.U n\u00e1s v \u010cech\u00e1ch to nen\u00ed jednou ro\u010dn\u011b, obchody tyto \u010cern\u00e9 p\u00e1tky po\u0159\u00e1daj\u00ed \u010dast\u011bji, ale v obchodech s elektronikou ale i nap\u0159. s m\u00f3dou si dejte trochu pozor, prodejci se v ten den, by\u0165 za velmi n\u00edzkou cenu, sna\u017e\u00ed prodat ji\u017e zastaral\u00e9 modely, nebo oble\u010den\u00ed, kter\u00e9 ji\u017e d\u00e1vno nen\u00ed v m\u00f3d\u011b.                                                                                                                                                                                                                                                                                                                                                                                        4.3\/5 - (7 votes)        "},{"@context":"https:\/\/schema.org\/","@type":"BreadcrumbList","itemListElement":[{"@type":"ListItem","position":1,"name":"Jak jsou na tom \u010ce\u0161i s n\u00e1kupy \u201ev akci\u201c","item":"https:\/\/www.menergo.cz\/jak-jsou-na-tom-cesi-s-nakupy-v-akci\/#breadcrumbitem"}]}]