[{"@context":"https:\/\/schema.org\/","@type":"Article","@id":"https:\/\/www.menergo.cz\/narizeni-plati-pro-vsechny-stejne-na-uzemi-eu\/#Article","mainEntityOfPage":"https:\/\/www.menergo.cz\/narizeni-plati-pro-vsechny-stejne-na-uzemi-eu\/","headline":"Na\u0159\u00edzen\u00ed plat\u00ed pro v\u0161echny stejn\u011b na \u00fazem\u00ed EU","name":"Na\u0159\u00edzen\u00ed plat\u00ed pro v\u0161echny stejn\u011b na \u00fazem\u00ed EU","description":"V podstat\u011b se d\u00e1 \u0159\u00edci, \u017ee Obecn\u00ed na\u0159\u00edzen\u00ed &#8211; GDPR h\u00e1j\u00ed pr\u00e1va ob\u010dan\u016f proti neopr\u00e1vn\u011bn\u00e9mu zach\u00e1zen\u00ed s jejich daty a osobn\u00edmi \u00fadaji. V podstat\u011b spr\u00e1vce, kdy se m\u016f\u017ee jednat o <a class=\"more-link\" href=\"https:\/\/www.menergo.cz\/narizeni-plati-pro-vsechny-stejne-na-uzemi-eu\/\">[ a d\u00e1\u00e1l ]<\/a>","datePublished":"2019-07-10","dateModified":"2023-04-27","author":{"@type":"Person","@id":"https:\/\/www.menergo.cz\/author\/#Person","name":"menergo.cz\n","url":"https:\/\/www.menergo.cz\/author\/","identifier":1,"image":{"@type":"ImageObject","@id":"https:\/\/secure.gravatar.com\/avatar\/7b7a3ac09da7f6a75c5f1ebec5be454c22943a51b9f5595d89318ef09bd44dd1?s=96&d=mm&r=g","url":"https:\/\/secure.gravatar.com\/avatar\/7b7a3ac09da7f6a75c5f1ebec5be454c22943a51b9f5595d89318ef09bd44dd1?s=96&d=mm&r=g","height":96,"width":96}},"publisher":{"@type":"Organization","name":"menergo.cz","logo":{"@type":"ImageObject","@id":"\/logo.png","url":"\/logo.png","width":600,"height":60}},"image":{"@type":"ImageObject","@id":"https:\/\/www.menergo.cz\/wp-content\/uploads\/img_a355724_w1734_t1570177050.jpg","url":"https:\/\/www.menergo.cz\/wp-content\/uploads\/img_a355724_w1734_t1570177050.jpg","height":0,"width":0},"url":"https:\/\/www.menergo.cz\/narizeni-plati-pro-vsechny-stejne-na-uzemi-eu\/","about":["Slu\u017eby"],"wordCount":476,"articleBody":"V podstat\u011b se d\u00e1 \u0159\u00edci, \u017ee Obecn\u00ed na\u0159\u00edzen\u00ed &#8211; GDPR h\u00e1j\u00ed pr\u00e1va ob\u010dan\u016f proti neopr\u00e1vn\u011bn\u00e9mu zach\u00e1zen\u00ed s jejich daty a osobn\u00edmi \u00fadaji. V podstat\u011b spr\u00e1vce, kdy se m\u016f\u017ee jednat o fyzickou i pr\u00e1vnickou osobu, prov\u00e1d\u00ed zpracov\u00e1n\u00ed osobn\u00edch \u00fadaj\u016f a je povinen sezn\u00e1mit subjekt \u00fadaj\u016f o tom, pro\u010d tyto \u00fadaje pot\u0159ebuje, jak s nimi bude nakl\u00e1dat a p\u0159edev\u0161\u00edm jak je zabezpe\u010d\u00ed. Subjekt \u00fadaj\u016f m\u00e1 nad\u00e1le pr\u00e1vo z\u00edskat informace o v\u00fdmazu t\u011bchto \u00fadaj\u016f. Spr\u00e1vce je za sb\u011br takov\u00fdch informac\u00ed zcela zodpov\u011bdn\u00fd a to i v p\u0159\u00edpad\u011b, \u017ee pro n\u011bj data zpracov\u00e1v\u00e1 n\u011bkdo jin\u00fd, na co\u017e m\u00e1 ze z\u00e1kona pr\u00e1vo. Jen to mus\u00ed b\u00fdt podlo\u017eeno smlouvou. Zpracovatel pot\u00e9 m\u016f\u017ee zastoupit na tomto z\u00e1klad\u011b spr\u00e1vce, ale nebude za n\u011bj p\u0159eb\u00edrat zodpov\u011bdnost. Spr\u00e1vci a zpracovatel\u00e9 mohou nebo dokonce i za ur\u010dit\u00fdch podm\u00ednek jsou povinni ustanovit pov\u011b\u0159ence pro ochranu osobn\u00edch \u00fadaj\u016f.  Pov\u011b\u0159enec pro ochranu osobn\u00edch \u00fadaj\u016f V podstat\u011b se jedn\u00e1 o \u010dlov\u011bka, kter\u00fd mus\u00ed m\u00edt kvalifikaci, aby mohl tuto pozici zodpov\u011bdn\u011b zastupovat. Mus\u00ed b\u00fdt p\u0159\u00edmo pod\u0159\u00edzen vrcholov\u00fdm \u0159\u00edd\u00edc\u00edm pracovn\u00edk\u016fm spr\u00e1vce nebo zpracovatele. To ov\u0161em neznamen\u00e1, \u017ee se mus\u00ed tento \u010dlov\u011bk \u0159\u00eddit p\u0159\u00edmo veden\u00ed organizace. Mus\u00ed m\u00edt p\u0159\u00edstup k veden\u00ed organizace z hlediska komunikace. Mezi n\u00edm a spr\u00e1vcem nebo zpracovatelem nesm\u00ed existovat \u017e\u00e1dn\u00fd mezi\u010dl\u00e1nek. Pokud je t\u0159eba, tak mu m\u00e1 b\u00fdt umo\u017en\u011bn p\u0159\u00edstup a na veden\u00ed se kdykoliv obr\u00e1tit s dotazem nebo p\u0159\u00edpadnou p\u0159ipom\u00ednkou v z\u00e1le\u017eitostech ochrany osobn\u00edch \u00fadaj\u016f. Nav\u00edc funguje jako takov\u00e1 spojka mezi veden\u00edm, subjekty \u00fadaj\u016f a dozorov\u00fdm \u00fa\u0159adem. Takovou pozici m\u016f\u017ee vykon\u00e1vat extern\u00ed osoba, kdy j\u00edm m\u016f\u017ee b\u00fdt i kvalifikovan\u00fd pov\u011b\u0159enec pro ochranu osobn\u00edch \u00fadaj\u016f (DPO), av\u0161ak mus\u00ed dodr\u017eovat ve\u0161ker\u00e9 po\u017eadavky, kter\u00e9 obsahuje Obecn\u00e9 na\u0159\u00edzen\u00ed. Pov\u011b\u0159encem m\u016f\u017ee b\u00fdt i t\u00fdm osob Pokud se zapoj\u00ed nap\u0159\u00edklad t\u00fdm osob do t\u00e9to pozice v r\u00e1mci extern\u00edho t\u00fdmu pov\u011b\u0159enc\u016f pro ochranu osobn\u00edch \u00fadaj\u016f, tak to nen\u00ed v rozporu s na\u0159\u00edzen\u00edm GDPR. Ale na druhou stranu je doporu\u010deno prov\u00e9st jak\u00e9si opat\u0159en\u00ed a to v t\u00e9 podob\u011b, \u017ee by bylo dobr\u00e9 si zvolit jednu osobu jako\u017eto hlavn\u00edho \u010dinitele, kter\u00e1 bude vykon\u00e1vat ten hlavn\u00ed kontakt a tak\u00e9 bude jasn\u011b zodpov\u011bdn\u00e1 pro klienta, se kter\u00fdm uzav\u0159ela smlouvu. T\u00edm se p\u0159irozen\u011b p\u0159edejde dal\u0161\u00edm probl\u00e9m\u016fm a nedorozum\u011bn\u00edm.                                                                                                                                                                                                                                                                                                                                                                                         3.8\/5 - (5 votes)        "},{"@context":"https:\/\/schema.org\/","@type":"BreadcrumbList","itemListElement":[{"@type":"ListItem","position":1,"name":"Na\u0159\u00edzen\u00ed plat\u00ed pro v\u0161echny stejn\u011b na \u00fazem\u00ed EU","item":"https:\/\/www.menergo.cz\/narizeni-plati-pro-vsechny-stejne-na-uzemi-eu\/#breadcrumbitem"}]}]