[{"@context":"https:\/\/schema.org\/","@type":"Article","@id":"https:\/\/www.menergo.cz\/pergoly-pro-vyuziti-nejen-v-lete\/#Article","mainEntityOfPage":"https:\/\/www.menergo.cz\/pergoly-pro-vyuziti-nejen-v-lete\/","headline":"Pergoly pro vyu\u017eit\u00ed nejen v l\u00e9t\u011b","name":"Pergoly pro vyu\u017eit\u00ed nejen v l\u00e9t\u011b","description":"Asi ka\u017ed\u00fd si aspo\u0148 jednou v \u017eivot\u011b p\u0159edstavil situaci, kter\u00e9 obsah spo\u010d\u00edv\u00e1 v tom, \u017ee sed\u00edte r\u00e1no, v poledne nebo ve\u010der na sv\u00e9 terase \u010di zahr\u00e1dce a pop\u00edj\u00edte \u0161\u00e1lek k\u00e1vy <a class=\"more-link\" href=\"https:\/\/www.menergo.cz\/pergoly-pro-vyuziti-nejen-v-lete\/\">[ a d\u00e1\u00e1l ]<\/a>","datePublished":"2019-01-06","dateModified":"2023-04-27","author":{"@type":"Person","@id":"https:\/\/www.menergo.cz\/author\/#Person","name":"menergo.cz\n","url":"https:\/\/www.menergo.cz\/author\/","identifier":1,"image":{"@type":"ImageObject","@id":"https:\/\/secure.gravatar.com\/avatar\/7b7a3ac09da7f6a75c5f1ebec5be454c22943a51b9f5595d89318ef09bd44dd1?s=96&d=mm&r=g","url":"https:\/\/secure.gravatar.com\/avatar\/7b7a3ac09da7f6a75c5f1ebec5be454c22943a51b9f5595d89318ef09bd44dd1?s=96&d=mm&r=g","height":96,"width":96}},"publisher":{"@type":"Organization","name":"menergo.cz","logo":{"@type":"ImageObject","@id":"\/logo.png","url":"\/logo.png","width":600,"height":60}},"image":{"@type":"ImageObject","@id":"https:\/\/www.menergo.cz\/wp-content\/uploads\/img_a336101_w1734_t1549455001.jpg","url":"https:\/\/www.menergo.cz\/wp-content\/uploads\/img_a336101_w1734_t1549455001.jpg","height":0,"width":0},"url":"https:\/\/www.menergo.cz\/pergoly-pro-vyuziti-nejen-v-lete\/","about":["V\u00fdrobky"],"wordCount":427,"articleBody":"       Asi ka\u017ed\u00fd si aspo\u0148 jednou v \u017eivot\u011b p\u0159edstavil situaci, kter\u00e9 obsah spo\u010d\u00edv\u00e1 v tom, \u017ee sed\u00edte r\u00e1no, v poledne nebo ve\u010der na sv\u00e9 terase \u010di zahr\u00e1dce a pop\u00edj\u00edte \u0161\u00e1lek k\u00e1vy nebo \u010daje p\u0159\u00edpadn\u011b si dop\u0159\u00e1v\u00e1te j\u00eddlo a pit\u00ed s rodinou a p\u0159\u00e1teli. D\u016fle\u017eitou sou\u010d\u00e1st\u00ed t\u011bchto p\u0159edstav je pr\u00e1v\u011b p\u0159\u00edjemn\u00e9 posezen\u00ed, kter\u00e9 to umo\u017e\u0148uje a tak\u00e9 vhodn\u00e9 zast\u0159e\u0161en\u00ed.  Takov\u00e9 zast\u0159e\u0161en\u00ed  n\u00e1sledn\u011b umo\u017e\u0148uje vyu\u017e\u00edvat zahradu, balkon i terasu nejen v hork\u00e9m letn\u00edm obdob\u00ed, ale kdykoliv v pr\u016fb\u011bhu roku a v ka\u017ed\u00e9m po\u010das\u00ed. Pergoly pat\u0159\u00ed k velice obl\u00edben\u00fdm form\u00e1m zast\u0159e\u0161en\u00ed, proto\u017ee p\u0159in\u00e1\u0161ej\u00ed spoustu variant a tak\u00e9 estetick\u00fd design, kter\u00fd se stane tak\u00e9 p\u0159\u00edjemnou dekorac\u00ed zahrad, byt\u016f a dom\u016f. Trh nab\u00edz\u00ed r\u016fzn\u00e9 mo\u017enosti a vy si tak m\u016f\u017eete vybrat podle sv\u00e9ho vkusu, pot\u0159eb i mo\u017enost\u00ed. D\u00edky pestr\u00e9mu v\u00fdb\u011bru m\u016f\u017eete takto zast\u0159e\u0161en\u00e9 posezen\u00ed vyu\u017e\u00edvat po cel\u00fd rok. Pestr\u00e1 nab\u00eddky typ\u016f pergol D\u00edky modern\u00ed a pestr\u00e9 nab\u00eddce pergol najdete \u0159e\u0161en\u00ed i pro va\u0161e nejn\u00e1ro\u010dn\u011bj\u0161\u00ed p\u0159edstavy. M\u016f\u017eete si toti\u017e po\u0159\u00eddit pergoly pevn\u00e9 nebo pohybliv\u00e9, kter\u00e9 jsou velice komfortn\u00ed a zaji\u0161t\u011bn\u00e9 elektrick\u00fdm ovl\u00e1d\u00e1n\u00edm. Takov\u00e9 zast\u0159e\u0161en\u00ed v\u00e1s n\u00e1sledn\u011b dok\u00e1\u017ee ochr\u00e1nit p\u0159ed ka\u017ed\u00fdm po\u010das\u00edm a to nejen p\u0159ed paprsky slunce, ale tak\u00e9 p\u0159ed de\u0161t\u011bm nebo v\u011btrem. K je\u0161t\u011b pohodln\u011bj\u0161\u00edmu pou\u017e\u00edv\u00e1n\u00ed si m\u016f\u017eete po\u0159\u00eddit tak\u00e9 r\u016fzn\u00e9 senzory v\u011btru nebo de\u0161t\u011b a pergola se automaticky p\u0159izp\u016fsob\u00ed aktu\u00e1ln\u00edmu po\u010das\u00ed. Dal\u0161\u00edmi mo\u017enostmi, kter\u00e9 se v\u00e1m nab\u00edzej\u00ed, jsou nejen zast\u0159e\u0161en\u00ed d\u011blan\u00e9 na m\u00edru va\u0161im p\u0159edstav\u00e1m, ale tak\u00e9 pevn\u00e9 hlin\u00edkov\u00e9, posuvn\u00e9 neboli baldach\u00fdny, rolovac\u00ed, rolovac\u00ed s prosklen\u00edm, skl\u00e1p\u011bc\u00ed a tak\u00e9 tradi\u010dn\u00ed d\u0159ev\u011bn\u00e9.  Takov\u00fd v\u00fdb\u011br v\u00e1m p\u0159inese spoustu mo\u017enost\u00ed a p\u0159\u00edle\u017eitost\u00ed k tomu, abyste si kdykoliv mohli posed\u011bt na sv\u00e9 zahrad\u011b, balkonu \u010di terase a vychutn\u00e1vat vysn\u011bnou atmosf\u00e9ru a\u0165 u\u017e sami nebo ve spole\u010dnosti rodiny a p\u0159\u00e1tel. Modern\u00ed \u0159e\u0161en\u00ed, kter\u00e9 v\u00e1m nab\u00eddne mnohem v\u00edc, ne\u017e byste \u010dekali.                                                                                                                                                                                                                                                                                                                                                                                          4\/5 - (4 votes)        "},{"@context":"https:\/\/schema.org\/","@type":"BreadcrumbList","itemListElement":[{"@type":"ListItem","position":1,"name":"Pergoly pro vyu\u017eit\u00ed nejen v l\u00e9t\u011b","item":"https:\/\/www.menergo.cz\/pergoly-pro-vyuziti-nejen-v-lete\/#breadcrumbitem"}]}]