[{"@context":"https:\/\/schema.org\/","@type":"Article","@id":"https:\/\/www.menergo.cz\/profesionalni-uklid-zadny-problem-ale-velka-pomoc\/#Article","mainEntityOfPage":"https:\/\/www.menergo.cz\/profesionalni-uklid-zadny-problem-ale-velka-pomoc\/","headline":"Profesion\u00e1ln\u00ed \u00faklid, \u017e\u00e1dn\u00fd probl\u00e9m, ale velk\u00e1 pomoc","name":"Profesion\u00e1ln\u00ed \u00faklid, \u017e\u00e1dn\u00fd probl\u00e9m, ale velk\u00e1 pomoc","description":"M\u00e1te r\u00e1di po\u0159\u00e1dek, ale posledn\u00ed dobou u\u017e v\u00e1m sp\u00ed\u0161 nepo\u0159\u00e1dek p\u0159er\u016fst\u00e1 p\u0159es hlavu? I to se m\u016f\u017ee st\u00e1t. N\u011bkdy p\u0159ijde obdob\u00ed, \u017ee na perfektn\u00ed \u00faklid u\u017e prost\u011b nezb\u00fdvaj\u00ed s\u00edly. M\u00e1te <a class=\"more-link\" href=\"https:\/\/www.menergo.cz\/profesionalni-uklid-zadny-problem-ale-velka-pomoc\/\">[ a d\u00e1\u00e1l ]<\/a>","datePublished":"2023-04-27","dateModified":"2023-04-27","author":{"@type":"Person","@id":"https:\/\/www.menergo.cz\/author\/#Person","name":"menergo.cz\n","url":"https:\/\/www.menergo.cz\/author\/","identifier":1,"image":{"@type":"ImageObject","@id":"https:\/\/secure.gravatar.com\/avatar\/7b7a3ac09da7f6a75c5f1ebec5be454c22943a51b9f5595d89318ef09bd44dd1?s=96&d=mm&r=g","url":"https:\/\/secure.gravatar.com\/avatar\/7b7a3ac09da7f6a75c5f1ebec5be454c22943a51b9f5595d89318ef09bd44dd1?s=96&d=mm&r=g","height":96,"width":96}},"publisher":{"@type":"Organization","name":"menergo.cz","logo":{"@type":"ImageObject","@id":"\/logo.png","url":"\/logo.png","width":600,"height":60}},"url":"https:\/\/www.menergo.cz\/profesionalni-uklid-zadny-problem-ale-velka-pomoc\/","about":["Slu\u017eby"],"wordCount":485,"articleBody":"M\u00e1te r\u00e1di po\u0159\u00e1dek, ale posledn\u00ed dobou u\u017e v\u00e1m sp\u00ed\u0161 nepo\u0159\u00e1dek p\u0159er\u016fst\u00e1 p\u0159es hlavu? I to se m\u016f\u017ee st\u00e1t. N\u011bkdy p\u0159ijde obdob\u00ed, \u017ee na perfektn\u00ed \u00faklid u\u017e prost\u011b nezb\u00fdvaj\u00ed s\u00edly. M\u00e1te n\u00e1ro\u010dn\u00e9 zam\u011bstn\u00e1n\u00ed, jezd\u00edte pozd\u011b dom\u016f. Pot\u0159ebujete se v\u011bnovat d\u011btem, hr\u00e1t si i u\u010dit se s\u00a0d\u011btmi. Lehce poklid\u00edte, zametete, vysajete, vynesete ko\u0161e, ale sama c\u00edt\u00edte, \u017ee pot\u0159ebujete ud\u011blat daleko v\u00edc. Co takov\u00e9 myt\u00ed oken? Na to u\u017e prost\u011b s\u00edlu nem\u00e1te.A nav\u00edc jsou v\u00a0pr\u016fb\u011bhu roku obdob\u00ed, kdy se extra vypul\u00edrovan\u00fd byt \u010di d\u016fm o\u010dek\u00e1v\u00e1 obzvl\u00e1\u0161t\u011b, t\u0159eba v\u00a0dob\u011b p\u0159edv\u00e1no\u010dn\u00ed, v\u00a0dob\u011b oslav \u010di na ja\u0159e, \u017ee? P\u00e1rkr\u00e1t do roka tento velk\u00fd \u00faklid jednodu\u0161e podstoupit mus\u00edme, v\u010detn\u011b myt\u00ed oken. Ov\u0161em skloubit rodinu a je\u0161t\u011b p\u00e9\u010di o d\u016fm nebo byt je n\u00e1ro\u010dn\u00e9. Nejv\u00edce n\u00e1ro\u010dn\u00e9 pak pro maminky mal\u00fdch d\u011bt\u00ed, kter\u00e9 vy\u017eaduj\u00ed neust\u00e1lou p\u00e9\u010di a pozornost. Pro v\u0161echny je tu ale velmi komfortn\u00ed a snadn\u00e9 \u0159e\u0161en\u00ed. \u00daklid si jednodu\u0161e objednejte.\tCo obn\u00e1\u0161\u00ed profesion\u00e1ln\u00ed \u00faklidNa trhu je mnoho agentur, kter\u00e9 \u00faklidov\u00e9 slu\u017eby nab\u00edzej\u00ed. Vyb\u00edrejte tedy pe\u010dliv\u011b, \u0159i\u010fte se referencemi, ptejte se v\u00a0okol\u00ed u zn\u00e1m\u00fdch. Zohledn\u011bte tak\u00e9 m\u00edsto bydli\u0161t\u011b, a\u0165 zbyte\u010dn\u011b nedopl\u00e1c\u00edte za dopravu. Samotn\u00e9 slu\u017eby tak\u00e9 z\u00e1vis\u00ed na dan\u00e9 agentu\u0159e. V\u011bt\u0161inou si m\u016f\u017eete vybrat mezi jednor\u00e1zov\u00fdm, velk\u00fdm \u010di pravideln\u00fdm \u00faklidem. Ceny se pohybuj\u00ed cca okolo 200 K\u010d za hodinu \u00faklidu, ale z\u00e1le\u017e\u00ed i na lokalit\u011b, m\u016f\u017ee to tedy b\u00fdt i m\u00e9n\u011b. V\u011bt\u0161inou jsou vyu\u017e\u00edv\u00e1ny \u010distic\u00ed prost\u0159edky, kter\u00e9 poskytnete vy. Je to z\u00a0d\u016fvodu, \u017ee jste na n\u011b zvykl\u00ed.Jednor\u00e1zov\u00fd \u010di velk\u00fd \u00faklid nej\u010dast\u011bji zahrnuje:\u00b7\u00a0\u00a0\u00a0\u00a0\u00a0\u00a0\u00a0\u00a0 myt\u00ed oken, myt\u00ed r\u00e1m\u016f, parapet\u016f i dve\u0159\u00ed\u00b7\u00a0\u00a0\u00a0\u00a0\u00a0\u00a0\u00a0\u00a0 umyt\u00ed koupelny a WC v\u010detn\u011b dla\u017edic a odstran\u011bn\u00ed vodn\u00edho kamene\u00b7\u00a0\u00a0\u00a0\u00a0\u00a0\u00a0\u00a0\u00a0 umyt\u00ed kuchyn\u011b v\u010detn\u011b vnit\u0159k\u016f polic a el. spot\u0159ebi\u010d\u016f\u00b7\u00a0\u00a0\u00a0\u00a0\u00a0\u00a0\u00a0\u00a0 ot\u0159en\u00ed prachu v\u010detn\u011b sv\u011btel, vyp\u00edna\u010d\u016f, z\u00e1suvek atd.\u00b7\u00a0\u00a0\u00a0\u00a0\u00a0\u00a0\u00a0\u00a0 vys\u00e1t\u00ed, vyt\u0159en\u00ed i p\u0159\u00edpadn\u00e9 odstran\u011bn\u00ed skvrn z\u00a0koberc\u016fPravideln\u00fd \u00faklid nej\u010dast\u011bji zahrnuje:\u00b7\u00a0\u00a0\u00a0\u00a0\u00a0\u00a0\u00a0\u00a0 ut\u0159en\u00ed prachu\u00b7\u00a0\u00a0\u00a0\u00a0\u00a0\u00a0\u00a0\u00a0 umyt\u00ed koupelny a WC\u00b7\u00a0\u00a0\u00a0\u00a0\u00a0\u00a0\u00a0\u00a0 umyt\u00ed kuchy\u0148sk\u00e9 linky\u00b7\u00a0\u00a0\u00a0\u00a0\u00a0\u00a0\u00a0\u00a0 vynesen\u00ed odpadk\u016f\u00b7\u00a0\u00a0\u00a0\u00a0\u00a0\u00a0\u00a0\u00a0 vyluxov\u00e1n\u00ed a vyt\u0159en\u00ed\u00b7\u00a0\u00a0\u00a0\u00a0\u00a0\u00a0\u00a0\u00a0 umyt\u00ed zrcadelMo\u017en\u00e9 v\u0161ak je domluvit t\u0159eba i \u017eehlen\u00ed, umyt\u00ed n\u00e1dob\u00ed \u010di zal\u00e9v\u00e1n\u00ed kv\u011btin. Ka\u017edop\u00e1dn\u011b se za profesion\u00e1ln\u00ed \u00faklid styd\u011bt nemus\u00edte, tuto slu\u017ebu za\u010d\u00edn\u00e1 vyu\u017e\u00edvat st\u00e1le v\u00edce a v\u00edce lid\u00ed a t\u011b\u0161\u00ed se velk\u00e9 oblib\u011b.                                                                                                                                                                                                                                                                                                                                                                                        4.4\/5 - (5 votes)        "},{"@context":"https:\/\/schema.org\/","@type":"BreadcrumbList","itemListElement":[{"@type":"ListItem","position":1,"name":"Profesion\u00e1ln\u00ed \u00faklid, \u017e\u00e1dn\u00fd probl\u00e9m, ale velk\u00e1 pomoc","item":"https:\/\/www.menergo.cz\/profesionalni-uklid-zadny-problem-ale-velka-pomoc\/#breadcrumbitem"}]}]