{"@context":"https:\/\/schema.org\/","@type":"CollectionPage","@id":"https:\/\/www.menergo.cz\/vyrobky\/#CollectionPage","headline":"V\u00fdrobky Category","description":"","url":"https:\/\/www.menergo.cz\/vyrobky\/","hasPart":[{"@type":"Article","@id":"https:\/\/www.menergo.cz\/kamen-jako-idealni-material-do-kazdeho-interieru\/","headline":"K\u00e1men jako ide\u00e1ln\u00ed materi\u00e1l do ka\u017ed\u00e9ho interi\u00e9ru","url":"https:\/\/www.menergo.cz\/kamen-jako-idealni-material-do-kazdeho-interieru\/","datePublished":"2019-05-23","dateModified":"2023-04-27","mainEntityOfPage":"https:\/\/www.menergo.cz\/kamen-jako-idealni-material-do-kazdeho-interieru\/","author":{"@type":"Person","@id":"https:\/\/www.menergo.cz\/author\/#Person","name":"menergo.cz\n","url":"https:\/\/www.menergo.cz\/author\/","identifier":1,"image":{"@type":"ImageObject","@id":"https:\/\/secure.gravatar.com\/avatar\/7b7a3ac09da7f6a75c5f1ebec5be454c22943a51b9f5595d89318ef09bd44dd1?s=96&d=mm&r=g","url":"https:\/\/secure.gravatar.com\/avatar\/7b7a3ac09da7f6a75c5f1ebec5be454c22943a51b9f5595d89318ef09bd44dd1?s=96&d=mm&r=g","height":96,"width":96}},"publisher":{"@type":"Organization","name":"menergo.cz","logo":{"@type":"ImageObject","@id":"\/logo.png","url":"\/logo.png","width":600,"height":60}},"image":{"@type":"ImageObject","@id":"https:\/\/www.menergo.cz\/wp-content\/uploads\/img_a349593_w1734_t1564561190.jpg","url":"https:\/\/www.menergo.cz\/wp-content\/uploads\/img_a349593_w1734_t1564561190.jpg","height":0,"width":0},"keywords":null},{"@type":"Article","@id":"https:\/\/www.menergo.cz\/postel-kterou-muzete-odkazat-svym-potomkum\/","headline":"Postel, kterou m\u016f\u017eete odk\u00e1zat sv\u00fdm potomk\u016fm","url":"https:\/\/www.menergo.cz\/postel-kterou-muzete-odkazat-svym-potomkum\/","datePublished":"2019-05-21","dateModified":"2023-07-12","mainEntityOfPage":"https:\/\/www.menergo.cz\/postel-kterou-muzete-odkazat-svym-potomkum\/","author":{"@type":"Person","@id":"https:\/\/www.menergo.cz\/author\/#Person","name":"menergo.cz\n","url":"https:\/\/www.menergo.cz\/author\/","identifier":1,"image":{"@type":"ImageObject","@id":"https:\/\/secure.gravatar.com\/avatar\/7b7a3ac09da7f6a75c5f1ebec5be454c22943a51b9f5595d89318ef09bd44dd1?s=96&d=mm&r=g","url":"https:\/\/secure.gravatar.com\/avatar\/7b7a3ac09da7f6a75c5f1ebec5be454c22943a51b9f5595d89318ef09bd44dd1?s=96&d=mm&r=g","height":96,"width":96}},"publisher":{"@type":"Organization","name":"menergo.cz","logo":{"@type":"ImageObject","@id":"\/logo.png","url":"\/logo.png","width":600,"height":60}},"image":{"@type":"ImageObject","@id":"https:\/\/www.menergo.cz\/wp-content\/uploads\/img_a347693_w1734_t1562147658.jpg","url":"https:\/\/www.menergo.cz\/wp-content\/uploads\/img_a347693_w1734_t1562147658.jpg","height":0,"width":0},"keywords":null},{"@type":"Article","@id":"https:\/\/www.menergo.cz\/a-dalsi-den-popojedte-o-kousek-dal\/","headline":"\u2026a dal\u0161\u00ed den popoje\u010fte o kousek d\u00e1l","url":"https:\/\/www.menergo.cz\/a-dalsi-den-popojedte-o-kousek-dal\/","datePublished":"2019-05-16","dateModified":"2023-04-27","mainEntityOfPage":"https:\/\/www.menergo.cz\/a-dalsi-den-popojedte-o-kousek-dal\/","author":{"@type":"Person","@id":"https:\/\/www.menergo.cz\/author\/#Person","name":"menergo.cz\n","url":"https:\/\/www.menergo.cz\/author\/","identifier":1,"image":{"@type":"ImageObject","@id":"https:\/\/secure.gravatar.com\/avatar\/7b7a3ac09da7f6a75c5f1ebec5be454c22943a51b9f5595d89318ef09bd44dd1?s=96&d=mm&r=g","url":"https:\/\/secure.gravatar.com\/avatar\/7b7a3ac09da7f6a75c5f1ebec5be454c22943a51b9f5595d89318ef09bd44dd1?s=96&d=mm&r=g","height":96,"width":96}},"publisher":{"@type":"Organization","name":"menergo.cz","logo":{"@type":"ImageObject","@id":"\/logo.png","url":"\/logo.png","width":600,"height":60}},"image":{"@type":"ImageObject","@id":"https:\/\/www.menergo.cz\/wp-content\/uploads\/img_a348308_w1734_t1562829944.jpg","url":"https:\/\/www.menergo.cz\/wp-content\/uploads\/img_a348308_w1734_t1562829944.jpg","height":0,"width":0},"keywords":null},{"@type":"Article","@id":"https:\/\/www.menergo.cz\/naplne-do-tiskaren-znacky-canon\/","headline":"N\u00e1pln\u011b do tisk\u00e1ren zna\u010dky Canon","url":"https:\/\/www.menergo.cz\/naplne-do-tiskaren-znacky-canon\/","datePublished":"2019-05-14","dateModified":"2023-04-27","mainEntityOfPage":"https:\/\/www.menergo.cz\/naplne-do-tiskaren-znacky-canon\/","author":{"@type":"Person","@id":"https:\/\/www.menergo.cz\/author\/#Person","name":"menergo.cz\n","url":"https:\/\/www.menergo.cz\/author\/","identifier":1,"image":{"@type":"ImageObject","@id":"https:\/\/secure.gravatar.com\/avatar\/7b7a3ac09da7f6a75c5f1ebec5be454c22943a51b9f5595d89318ef09bd44dd1?s=96&d=mm&r=g","url":"https:\/\/secure.gravatar.com\/avatar\/7b7a3ac09da7f6a75c5f1ebec5be454c22943a51b9f5595d89318ef09bd44dd1?s=96&d=mm&r=g","height":96,"width":96}},"publisher":{"@type":"Organization","name":"menergo.cz","logo":{"@type":"ImageObject","@id":"\/logo.png","url":"\/logo.png","width":600,"height":60}},"image":{"@type":"ImageObject","@id":"https:\/\/www.menergo.cz\/wp-content\/uploads\/img_a350386_w1734_t1565249122.jpg","url":"https:\/\/www.menergo.cz\/wp-content\/uploads\/img_a350386_w1734_t1565249122.jpg","height":0,"width":0},"keywords":null},{"@type":"Article","@id":"https:\/\/www.menergo.cz\/jaky-olej-do-auta-je-ten-vhodny\/","headline":"Jak\u00fd olej do auta je ten vhodn\u00fd","url":"https:\/\/www.menergo.cz\/jaky-olej-do-auta-je-ten-vhodny\/","datePublished":"2019-05-13","dateModified":"2023-04-27","mainEntityOfPage":"https:\/\/www.menergo.cz\/jaky-olej-do-auta-je-ten-vhodny\/","author":{"@type":"Person","@id":"https:\/\/www.menergo.cz\/author\/#Person","name":"menergo.cz\n","url":"https:\/\/www.menergo.cz\/author\/","identifier":1,"image":{"@type":"ImageObject","@id":"https:\/\/secure.gravatar.com\/avatar\/7b7a3ac09da7f6a75c5f1ebec5be454c22943a51b9f5595d89318ef09bd44dd1?s=96&d=mm&r=g","url":"https:\/\/secure.gravatar.com\/avatar\/7b7a3ac09da7f6a75c5f1ebec5be454c22943a51b9f5595d89318ef09bd44dd1?s=96&d=mm&r=g","height":96,"width":96}},"publisher":{"@type":"Organization","name":"menergo.cz","logo":{"@type":"ImageObject","@id":"\/logo.png","url":"\/logo.png","width":600,"height":60}},"image":{"@type":"ImageObject","@id":"https:\/\/www.menergo.cz\/wp-content\/uploads\/img_a348590_w1734_t1563531466.jpg","url":"https:\/\/www.menergo.cz\/wp-content\/uploads\/img_a348590_w1734_t1563531466.jpg","height":0,"width":0},"keywords":null},{"@type":"Article","@id":"https:\/\/www.menergo.cz\/pripravky-na-bazi-cialisu\/","headline":"P\u0159\u00edpravky na b\u00e1zi Cialisu","url":"https:\/\/www.menergo.cz\/pripravky-na-bazi-cialisu\/","datePublished":"2019-05-08","dateModified":"2023-04-27","mainEntityOfPage":"https:\/\/www.menergo.cz\/pripravky-na-bazi-cialisu\/","author":{"@type":"Person","@id":"https:\/\/www.menergo.cz\/author\/#Person","name":"menergo.cz\n","url":"https:\/\/www.menergo.cz\/author\/","identifier":1,"image":{"@type":"ImageObject","@id":"https:\/\/secure.gravatar.com\/avatar\/7b7a3ac09da7f6a75c5f1ebec5be454c22943a51b9f5595d89318ef09bd44dd1?s=96&d=mm&r=g","url":"https:\/\/secure.gravatar.com\/avatar\/7b7a3ac09da7f6a75c5f1ebec5be454c22943a51b9f5595d89318ef09bd44dd1?s=96&d=mm&r=g","height":96,"width":96}},"publisher":{"@type":"Organization","name":"menergo.cz","logo":{"@type":"ImageObject","@id":"\/logo.png","url":"\/logo.png","width":600,"height":60}},"image":{"@type":"ImageObject","@id":"https:\/\/www.menergo.cz\/wp-content\/uploads\/img_a348315_w1734_t1562842178.jpg","url":"https:\/\/www.menergo.cz\/wp-content\/uploads\/img_a348315_w1734_t1562842178.jpg","height":0,"width":0},"keywords":null},{"@type":"Article","@id":"https:\/\/www.menergo.cz\/elektricke-jistice\/","headline":"Elektrick\u00e9 jisti\u010de","url":"https:\/\/www.menergo.cz\/elektricke-jistice\/","datePublished":"2019-05-07","dateModified":"2023-04-27","mainEntityOfPage":"https:\/\/www.menergo.cz\/elektricke-jistice\/","author":{"@type":"Person","@id":"https:\/\/www.menergo.cz\/author\/#Person","name":"menergo.cz\n","url":"https:\/\/www.menergo.cz\/author\/","identifier":1,"image":{"@type":"ImageObject","@id":"https:\/\/secure.gravatar.com\/avatar\/7b7a3ac09da7f6a75c5f1ebec5be454c22943a51b9f5595d89318ef09bd44dd1?s=96&d=mm&r=g","url":"https:\/\/secure.gravatar.com\/avatar\/7b7a3ac09da7f6a75c5f1ebec5be454c22943a51b9f5595d89318ef09bd44dd1?s=96&d=mm&r=g","height":96,"width":96}},"publisher":{"@type":"Organization","name":"menergo.cz","logo":{"@type":"ImageObject","@id":"\/logo.png","url":"\/logo.png","width":600,"height":60}},"image":{"@type":"ImageObject","@id":"https:\/\/www.menergo.cz\/wp-content\/uploads\/img_a351213_w1734_t1565871027.jpg","url":"https:\/\/www.menergo.cz\/wp-content\/uploads\/img_a351213_w1734_t1565871027.jpg","height":0,"width":0},"keywords":null},{"@type":"Article","@id":"https:\/\/www.menergo.cz\/vlacky-vsude-kam-se-podivas\/","headline":"Vl\u00e1\u010dky \u2013 v\u0161ude, kam se pod\u00edv\u00e1\u0161","url":"https:\/\/www.menergo.cz\/vlacky-vsude-kam-se-podivas\/","datePublished":"2019-05-07","dateModified":"2023-04-27","mainEntityOfPage":"https:\/\/www.menergo.cz\/vlacky-vsude-kam-se-podivas\/","author":{"@type":"Person","@id":"https:\/\/www.menergo.cz\/author\/#Person","name":"menergo.cz\n","url":"https:\/\/www.menergo.cz\/author\/","identifier":1,"image":{"@type":"ImageObject","@id":"https:\/\/secure.gravatar.com\/avatar\/7b7a3ac09da7f6a75c5f1ebec5be454c22943a51b9f5595d89318ef09bd44dd1?s=96&d=mm&r=g","url":"https:\/\/secure.gravatar.com\/avatar\/7b7a3ac09da7f6a75c5f1ebec5be454c22943a51b9f5595d89318ef09bd44dd1?s=96&d=mm&r=g","height":96,"width":96}},"publisher":{"@type":"Organization","name":"menergo.cz","logo":{"@type":"ImageObject","@id":"\/logo.png","url":"\/logo.png","width":600,"height":60}},"image":{"@type":"ImageObject","@id":"https:\/\/www.menergo.cz\/wp-content\/uploads\/img_a356618_w1734_t1571128115.jpg","url":"https:\/\/www.menergo.cz\/wp-content\/uploads\/img_a356618_w1734_t1571128115.jpg","height":0,"width":0},"keywords":null},{"@type":"Article","@id":"https:\/\/www.menergo.cz\/klasicky-nebo-elektricky\/","headline":"Klasick\u00fd nebo elektrick\u00fd?","url":"https:\/\/www.menergo.cz\/klasicky-nebo-elektricky\/","datePublished":"2019-04-21","dateModified":"2023-04-27","mainEntityOfPage":"https:\/\/www.menergo.cz\/klasicky-nebo-elektricky\/","author":{"@type":"Person","@id":"https:\/\/www.menergo.cz\/author\/#Person","name":"menergo.cz\n","url":"https:\/\/www.menergo.cz\/author\/","identifier":1,"image":{"@type":"ImageObject","@id":"https:\/\/secure.gravatar.com\/avatar\/7b7a3ac09da7f6a75c5f1ebec5be454c22943a51b9f5595d89318ef09bd44dd1?s=96&d=mm&r=g","url":"https:\/\/secure.gravatar.com\/avatar\/7b7a3ac09da7f6a75c5f1ebec5be454c22943a51b9f5595d89318ef09bd44dd1?s=96&d=mm&r=g","height":96,"width":96}},"publisher":{"@type":"Organization","name":"menergo.cz","logo":{"@type":"ImageObject","@id":"\/logo.png","url":"\/logo.png","width":600,"height":60}},"image":{"@type":"ImageObject","@id":"https:\/\/www.menergo.cz\/wp-content\/uploads\/img_a344835_w1734_t1558611050.jpg","url":"https:\/\/www.menergo.cz\/wp-content\/uploads\/img_a344835_w1734_t1558611050.jpg","height":0,"width":0},"keywords":null}]}