{"@context":"https:\/\/schema.org\/","@type":"CollectionPage","@id":"https:\/\/www.menergo.cz\/web\/#CollectionPage","headline":"Web Category","description":"","url":"https:\/\/www.menergo.cz\/web\/","hasPart":[{"@type":"Article","@id":"https:\/\/www.menergo.cz\/spioni-od-microsoftu\/","headline":"\u0160pioni od Microsoftu","url":"https:\/\/www.menergo.cz\/spioni-od-microsoftu\/","datePublished":"2025-03-05","dateModified":"2023-04-27","mainEntityOfPage":"https:\/\/www.menergo.cz\/spioni-od-microsoftu\/","author":{"@type":"Person","@id":"https:\/\/www.menergo.cz\/author\/#Person","name":"menergo.cz\n","url":"https:\/\/www.menergo.cz\/author\/","identifier":1,"image":{"@type":"ImageObject","@id":"https:\/\/secure.gravatar.com\/avatar\/7b7a3ac09da7f6a75c5f1ebec5be454c22943a51b9f5595d89318ef09bd44dd1?s=96&d=mm&r=g","url":"https:\/\/secure.gravatar.com\/avatar\/7b7a3ac09da7f6a75c5f1ebec5be454c22943a51b9f5595d89318ef09bd44dd1?s=96&d=mm&r=g","height":96,"width":96}},"publisher":{"@type":"Organization","name":"menergo.cz","logo":{"@type":"ImageObject","@id":"\/logo.png","url":"\/logo.png","width":600,"height":60}},"image":{"@type":"ImageObject","@id":"https:\/\/www.menergo.cz\/wp-content\/uploads\/img_a307810_w1734_t1519046796.jpg","url":"https:\/\/www.menergo.cz\/wp-content\/uploads\/img_a307810_w1734_t1519046796.jpg","height":0,"width":0},"keywords":null},{"@type":"Article","@id":"https:\/\/www.menergo.cz\/chranite-dobre-svuj-pocitac\/","headline":"Chr\u00e1n\u00edte dob\u0159e sv\u016fj po\u010d\u00edta\u010d?","url":"https:\/\/www.menergo.cz\/chranite-dobre-svuj-pocitac\/","datePublished":"2025-03-02","dateModified":"2023-04-27","mainEntityOfPage":"https:\/\/www.menergo.cz\/chranite-dobre-svuj-pocitac\/","author":{"@type":"Person","@id":"https:\/\/www.menergo.cz\/author\/#Person","name":"menergo.cz\n","url":"https:\/\/www.menergo.cz\/author\/","identifier":1,"image":{"@type":"ImageObject","@id":"https:\/\/secure.gravatar.com\/avatar\/7b7a3ac09da7f6a75c5f1ebec5be454c22943a51b9f5595d89318ef09bd44dd1?s=96&d=mm&r=g","url":"https:\/\/secure.gravatar.com\/avatar\/7b7a3ac09da7f6a75c5f1ebec5be454c22943a51b9f5595d89318ef09bd44dd1?s=96&d=mm&r=g","height":96,"width":96}},"publisher":{"@type":"Organization","name":"menergo.cz","logo":{"@type":"ImageObject","@id":"\/logo.png","url":"\/logo.png","width":600,"height":60}},"image":{"@type":"ImageObject","@id":"https:\/\/www.menergo.cz\/wp-content\/uploads\/img_a295493_w1734_t1506806796.jpg","url":"https:\/\/www.menergo.cz\/wp-content\/uploads\/img_a295493_w1734_t1506806796.jpg","height":0,"width":0},"keywords":null},{"@type":"Article","@id":"https:\/\/www.menergo.cz\/budovani-zpetnych-odkazu\/","headline":"Budov\u00e1n\u00ed zp\u011btn\u00fdch odkaz\u016f","url":"https:\/\/www.menergo.cz\/budovani-zpetnych-odkazu\/","datePublished":"2025-03-01","dateModified":"2023-04-27","mainEntityOfPage":"https:\/\/www.menergo.cz\/budovani-zpetnych-odkazu\/","author":{"@type":"Person","@id":"https:\/\/www.menergo.cz\/author\/#Person","name":"menergo.cz\n","url":"https:\/\/www.menergo.cz\/author\/","identifier":1,"image":{"@type":"ImageObject","@id":"https:\/\/secure.gravatar.com\/avatar\/7b7a3ac09da7f6a75c5f1ebec5be454c22943a51b9f5595d89318ef09bd44dd1?s=96&d=mm&r=g","url":"https:\/\/secure.gravatar.com\/avatar\/7b7a3ac09da7f6a75c5f1ebec5be454c22943a51b9f5595d89318ef09bd44dd1?s=96&d=mm&r=g","height":96,"width":96}},"publisher":{"@type":"Organization","name":"menergo.cz","logo":{"@type":"ImageObject","@id":"\/logo.png","url":"\/logo.png","width":600,"height":60}},"image":{"@type":"ImageObject","@id":"https:\/\/www.menergo.cz\/wp-content\/uploads\/img_a291455_w1734_t1504040530.jpg","url":"https:\/\/www.menergo.cz\/wp-content\/uploads\/img_a291455_w1734_t1504040530.jpg","height":0,"width":0},"keywords":null},{"@type":"Article","@id":"https:\/\/www.menergo.cz\/webove-stranky\/","headline":"Webov\u00e9 str\u00e1nky","url":"https:\/\/www.menergo.cz\/webove-stranky\/","datePublished":"2025-03-01","dateModified":"2023-04-27","mainEntityOfPage":"https:\/\/www.menergo.cz\/webove-stranky\/","author":{"@type":"Person","@id":"https:\/\/www.menergo.cz\/author\/#Person","name":"menergo.cz\n","url":"https:\/\/www.menergo.cz\/author\/","identifier":1,"image":{"@type":"ImageObject","@id":"https:\/\/secure.gravatar.com\/avatar\/7b7a3ac09da7f6a75c5f1ebec5be454c22943a51b9f5595d89318ef09bd44dd1?s=96&d=mm&r=g","url":"https:\/\/secure.gravatar.com\/avatar\/7b7a3ac09da7f6a75c5f1ebec5be454c22943a51b9f5595d89318ef09bd44dd1?s=96&d=mm&r=g","height":96,"width":96}},"publisher":{"@type":"Organization","name":"menergo.cz","logo":{"@type":"ImageObject","@id":"\/logo.png","url":"\/logo.png","width":600,"height":60}},"image":{"@type":"ImageObject","@id":"https:\/\/www.menergo.cz\/wp-content\/uploads\/img_a327038_w1734_t1539248293.jpg","url":"https:\/\/www.menergo.cz\/wp-content\/uploads\/img_a327038_w1734_t1539248293.jpg","height":0,"width":0},"keywords":null},{"@type":"Article","@id":"https:\/\/www.menergo.cz\/kdy-je-virtualni-sidlo-spolecnosti-praha-vyhodne\/","headline":"Kdy je virtu\u00e1ln\u00ed s\u00eddlo spole\u010dnosti Praha v\u00fdhodn\u00e9","url":"https:\/\/www.menergo.cz\/kdy-je-virtualni-sidlo-spolecnosti-praha-vyhodne\/","datePublished":"2023-11-19","dateModified":"2024-01-25","mainEntityOfPage":"https:\/\/www.menergo.cz\/kdy-je-virtualni-sidlo-spolecnosti-praha-vyhodne\/","author":{"@type":"Person","@id":"https:\/\/www.menergo.cz\/author\/#Person","name":"menergo.cz\n","url":"https:\/\/www.menergo.cz\/author\/","identifier":1,"image":{"@type":"ImageObject","@id":"https:\/\/secure.gravatar.com\/avatar\/7b7a3ac09da7f6a75c5f1ebec5be454c22943a51b9f5595d89318ef09bd44dd1?s=96&d=mm&r=g","url":"https:\/\/secure.gravatar.com\/avatar\/7b7a3ac09da7f6a75c5f1ebec5be454c22943a51b9f5595d89318ef09bd44dd1?s=96&d=mm&r=g","height":96,"width":96}},"publisher":{"@type":"Organization","name":"menergo.cz","logo":{"@type":"ImageObject","@id":"\/logo.png","url":"\/logo.png","width":600,"height":60}},"image":{"@type":"ImageObject","@id":"https:\/\/www.menergo.cz\/wp-content\/uploads\/firma8_10_10_1.jpg","url":"https:\/\/www.menergo.cz\/wp-content\/uploads\/firma8_10_10_1.jpg","height":0,"width":0},"keywords":null},{"@type":"Article","@id":"https:\/\/www.menergo.cz\/neverte-vsem-testum\/","headline":"Nev\u011b\u0159te v\u0161em test\u016fm","url":"https:\/\/www.menergo.cz\/neverte-vsem-testum\/","datePublished":"2023-04-27","dateModified":"2023-04-27","mainEntityOfPage":"https:\/\/www.menergo.cz\/neverte-vsem-testum\/","author":{"@type":"Person","@id":"https:\/\/www.menergo.cz\/author\/#Person","name":"menergo.cz\n","url":"https:\/\/www.menergo.cz\/author\/","identifier":1,"image":{"@type":"ImageObject","@id":"https:\/\/secure.gravatar.com\/avatar\/7b7a3ac09da7f6a75c5f1ebec5be454c22943a51b9f5595d89318ef09bd44dd1?s=96&d=mm&r=g","url":"https:\/\/secure.gravatar.com\/avatar\/7b7a3ac09da7f6a75c5f1ebec5be454c22943a51b9f5595d89318ef09bd44dd1?s=96&d=mm&r=g","height":96,"width":96}},"publisher":{"@type":"Organization","name":"menergo.cz","logo":{"@type":"ImageObject","@id":"\/logo.png","url":"\/logo.png","width":600,"height":60}},"image":null,"keywords":null},{"@type":"Article","@id":"https:\/\/www.menergo.cz\/prisnost-musi-byt\/","headline":"P\u0159\u00edsnost mus\u00ed b\u00fdt","url":"https:\/\/www.menergo.cz\/prisnost-musi-byt\/","datePublished":"2023-04-27","dateModified":"2023-04-27","mainEntityOfPage":"https:\/\/www.menergo.cz\/prisnost-musi-byt\/","author":{"@type":"Person","@id":"https:\/\/www.menergo.cz\/author\/#Person","name":"menergo.cz\n","url":"https:\/\/www.menergo.cz\/author\/","identifier":1,"image":{"@type":"ImageObject","@id":"https:\/\/secure.gravatar.com\/avatar\/7b7a3ac09da7f6a75c5f1ebec5be454c22943a51b9f5595d89318ef09bd44dd1?s=96&d=mm&r=g","url":"https:\/\/secure.gravatar.com\/avatar\/7b7a3ac09da7f6a75c5f1ebec5be454c22943a51b9f5595d89318ef09bd44dd1?s=96&d=mm&r=g","height":96,"width":96}},"publisher":{"@type":"Organization","name":"menergo.cz","logo":{"@type":"ImageObject","@id":"\/logo.png","url":"\/logo.png","width":600,"height":60}},"image":null,"keywords":null},{"@type":"Article","@id":"https:\/\/www.menergo.cz\/neslysici-to-chce-taky\/","headline":"Nesly\u0161\u00edc\u00ed to chce taky","url":"https:\/\/www.menergo.cz\/neslysici-to-chce-taky\/","datePublished":"2023-04-27","dateModified":"2023-04-27","mainEntityOfPage":"https:\/\/www.menergo.cz\/neslysici-to-chce-taky\/","author":{"@type":"Person","@id":"https:\/\/www.menergo.cz\/author\/#Person","name":"menergo.cz\n","url":"https:\/\/www.menergo.cz\/author\/","identifier":1,"image":{"@type":"ImageObject","@id":"https:\/\/secure.gravatar.com\/avatar\/7b7a3ac09da7f6a75c5f1ebec5be454c22943a51b9f5595d89318ef09bd44dd1?s=96&d=mm&r=g","url":"https:\/\/secure.gravatar.com\/avatar\/7b7a3ac09da7f6a75c5f1ebec5be454c22943a51b9f5595d89318ef09bd44dd1?s=96&d=mm&r=g","height":96,"width":96}},"publisher":{"@type":"Organization","name":"menergo.cz","logo":{"@type":"ImageObject","@id":"\/logo.png","url":"\/logo.png","width":600,"height":60}},"image":null,"keywords":null},{"@type":"Article","@id":"https:\/\/www.menergo.cz\/jak-dat-lidem-vedet-ze-provozujeme-zahradnicke-prace\/","headline":"Jak d\u00e1t lidem v\u011bd\u011bt, \u017ee provozujeme zahradnick\u00e9 pr\u00e1ce","url":"https:\/\/www.menergo.cz\/jak-dat-lidem-vedet-ze-provozujeme-zahradnicke-prace\/","datePublished":"2023-02-28","dateModified":"2023-02-28","mainEntityOfPage":"https:\/\/www.menergo.cz\/jak-dat-lidem-vedet-ze-provozujeme-zahradnicke-prace\/","author":{"@type":"Person","@id":"https:\/\/www.menergo.cz\/author\/#Person","name":"menergo.cz\n","url":"https:\/\/www.menergo.cz\/author\/","identifier":1,"image":{"@type":"ImageObject","@id":"https:\/\/secure.gravatar.com\/avatar\/7b7a3ac09da7f6a75c5f1ebec5be454c22943a51b9f5595d89318ef09bd44dd1?s=96&d=mm&r=g","url":"https:\/\/secure.gravatar.com\/avatar\/7b7a3ac09da7f6a75c5f1ebec5be454c22943a51b9f5595d89318ef09bd44dd1?s=96&d=mm&r=g","height":96,"width":96}},"publisher":{"@type":"Organization","name":"menergo.cz","logo":{"@type":"ImageObject","@id":"\/logo.png","url":"\/logo.png","width":600,"height":60}},"image":{"@type":"ImageObject","@id":"https:\/\/www.menergo.cz\/wp-content\/uploads\/castle-g1fada779a_640.jpg","url":"https:\/\/www.menergo.cz\/wp-content\/uploads\/castle-g1fada779a_640.jpg","height":0,"width":0},"keywords":null}]}