{"@context":"https:\/\/schema.org\/","@type":"CollectionPage","@id":"https:\/\/www.menergo.cz\/zdravi\/#CollectionPage","headline":"Zdrav\u00ed Category","description":"","url":"https:\/\/www.menergo.cz\/zdravi\/","hasPart":[{"@type":"Article","@id":"https:\/\/www.menergo.cz\/boty-na-cviceni-nepodcenujte-nikdy\/","headline":"Boty na cvi\u010den\u00ed nepodce\u0148ujte! NIKDY!","url":"https:\/\/www.menergo.cz\/boty-na-cviceni-nepodcenujte-nikdy\/","datePublished":"2025-03-04","dateModified":"2023-04-27","mainEntityOfPage":"https:\/\/www.menergo.cz\/boty-na-cviceni-nepodcenujte-nikdy\/","author":{"@type":"Person","@id":"https:\/\/www.menergo.cz\/author\/#Person","name":"menergo.cz\n","url":"https:\/\/www.menergo.cz\/author\/","identifier":1,"image":{"@type":"ImageObject","@id":"https:\/\/secure.gravatar.com\/avatar\/7b7a3ac09da7f6a75c5f1ebec5be454c22943a51b9f5595d89318ef09bd44dd1?s=96&d=mm&r=g","url":"https:\/\/secure.gravatar.com\/avatar\/7b7a3ac09da7f6a75c5f1ebec5be454c22943a51b9f5595d89318ef09bd44dd1?s=96&d=mm&r=g","height":96,"width":96}},"publisher":{"@type":"Organization","name":"menergo.cz","logo":{"@type":"ImageObject","@id":"\/logo.png","url":"\/logo.png","width":600,"height":60}},"image":{"@type":"ImageObject","@id":"https:\/\/www.menergo.cz\/wp-content\/uploads\/img_a297319_w1734_t1507816783.jpg","url":"https:\/\/www.menergo.cz\/wp-content\/uploads\/img_a297319_w1734_t1507816783.jpg","height":0,"width":0},"keywords":null},{"@type":"Article","@id":"https:\/\/www.menergo.cz\/med-pro-zdravi\/","headline":"Med pro zdrav\u00ed","url":"https:\/\/www.menergo.cz\/med-pro-zdravi\/","datePublished":"2025-03-03","dateModified":"2023-04-27","mainEntityOfPage":"https:\/\/www.menergo.cz\/med-pro-zdravi\/","author":{"@type":"Person","@id":"https:\/\/www.menergo.cz\/author\/#Person","name":"menergo.cz\n","url":"https:\/\/www.menergo.cz\/author\/","identifier":1,"image":{"@type":"ImageObject","@id":"https:\/\/secure.gravatar.com\/avatar\/7b7a3ac09da7f6a75c5f1ebec5be454c22943a51b9f5595d89318ef09bd44dd1?s=96&d=mm&r=g","url":"https:\/\/secure.gravatar.com\/avatar\/7b7a3ac09da7f6a75c5f1ebec5be454c22943a51b9f5595d89318ef09bd44dd1?s=96&d=mm&r=g","height":96,"width":96}},"publisher":{"@type":"Organization","name":"menergo.cz","logo":{"@type":"ImageObject","@id":"\/logo.png","url":"\/logo.png","width":600,"height":60}},"image":{"@type":"ImageObject","@id":"https:\/\/www.menergo.cz\/wp-content\/uploads\/img_a326649_w1734_t1538749320.jpg","url":"https:\/\/www.menergo.cz\/wp-content\/uploads\/img_a326649_w1734_t1538749320.jpg","height":0,"width":0},"keywords":null},{"@type":"Article","@id":"https:\/\/www.menergo.cz\/pohyb-dychani-a-stres\/","headline":"Pohyb, d\u00fdch\u00e1n\u00ed a stres","url":"https:\/\/www.menergo.cz\/pohyb-dychani-a-stres\/","datePublished":"2025-03-02","dateModified":"2023-04-27","mainEntityOfPage":"https:\/\/www.menergo.cz\/pohyb-dychani-a-stres\/","author":{"@type":"Person","@id":"https:\/\/www.menergo.cz\/author\/#Person","name":"menergo.cz\n","url":"https:\/\/www.menergo.cz\/author\/","identifier":1,"image":{"@type":"ImageObject","@id":"https:\/\/secure.gravatar.com\/avatar\/7b7a3ac09da7f6a75c5f1ebec5be454c22943a51b9f5595d89318ef09bd44dd1?s=96&d=mm&r=g","url":"https:\/\/secure.gravatar.com\/avatar\/7b7a3ac09da7f6a75c5f1ebec5be454c22943a51b9f5595d89318ef09bd44dd1?s=96&d=mm&r=g","height":96,"width":96}},"publisher":{"@type":"Organization","name":"menergo.cz","logo":{"@type":"ImageObject","@id":"\/logo.png","url":"\/logo.png","width":600,"height":60}},"image":{"@type":"ImageObject","@id":"https:\/\/www.menergo.cz\/wp-content\/uploads\/img_a340809_w1734_t1553684775.jpg","url":"https:\/\/www.menergo.cz\/wp-content\/uploads\/img_a340809_w1734_t1553684775.jpg","height":0,"width":0},"keywords":null},{"@type":"Article","@id":"https:\/\/www.menergo.cz\/predchazejme-nemocem\/","headline":"P\u0159edch\u00e1zejme nemocem","url":"https:\/\/www.menergo.cz\/predchazejme-nemocem\/","datePublished":"2025-02-28","dateModified":"2023-04-27","mainEntityOfPage":"https:\/\/www.menergo.cz\/predchazejme-nemocem\/","author":{"@type":"Person","@id":"https:\/\/www.menergo.cz\/author\/#Person","name":"menergo.cz\n","url":"https:\/\/www.menergo.cz\/author\/","identifier":1,"image":{"@type":"ImageObject","@id":"https:\/\/secure.gravatar.com\/avatar\/7b7a3ac09da7f6a75c5f1ebec5be454c22943a51b9f5595d89318ef09bd44dd1?s=96&d=mm&r=g","url":"https:\/\/secure.gravatar.com\/avatar\/7b7a3ac09da7f6a75c5f1ebec5be454c22943a51b9f5595d89318ef09bd44dd1?s=96&d=mm&r=g","height":96,"width":96}},"publisher":{"@type":"Organization","name":"menergo.cz","logo":{"@type":"ImageObject","@id":"\/logo.png","url":"\/logo.png","width":600,"height":60}},"image":{"@type":"ImageObject","@id":"https:\/\/www.menergo.cz\/wp-content\/uploads\/img_a344114_w1734_t1557570200.jpg","url":"https:\/\/www.menergo.cz\/wp-content\/uploads\/img_a344114_w1734_t1557570200.jpg","height":0,"width":0},"keywords":null},{"@type":"Article","@id":"https:\/\/www.menergo.cz\/ocni-vady-jejich-priznaky-a-lecba\/","headline":"O\u010dn\u00ed vady, jejich p\u0159\u00edznaky a l\u00e9\u010dba","url":"https:\/\/www.menergo.cz\/ocni-vady-jejich-priznaky-a-lecba\/","datePublished":"2023-04-27","dateModified":"2023-04-27","mainEntityOfPage":"https:\/\/www.menergo.cz\/ocni-vady-jejich-priznaky-a-lecba\/","author":{"@type":"Person","@id":"https:\/\/www.menergo.cz\/author\/#Person","name":"menergo.cz\n","url":"https:\/\/www.menergo.cz\/author\/","identifier":1,"image":{"@type":"ImageObject","@id":"https:\/\/secure.gravatar.com\/avatar\/7b7a3ac09da7f6a75c5f1ebec5be454c22943a51b9f5595d89318ef09bd44dd1?s=96&d=mm&r=g","url":"https:\/\/secure.gravatar.com\/avatar\/7b7a3ac09da7f6a75c5f1ebec5be454c22943a51b9f5595d89318ef09bd44dd1?s=96&d=mm&r=g","height":96,"width":96}},"publisher":{"@type":"Organization","name":"menergo.cz","logo":{"@type":"ImageObject","@id":"\/logo.png","url":"\/logo.png","width":600,"height":60}},"image":null,"keywords":null},{"@type":"Article","@id":"https:\/\/www.menergo.cz\/v-zdravem-tele-zdravy-duch\/","headline":"V zdrav\u00e9m t\u011ble \u2013 zdrav\u00fd duch","url":"https:\/\/www.menergo.cz\/v-zdravem-tele-zdravy-duch\/","datePublished":"2023-04-27","dateModified":"2023-04-27","mainEntityOfPage":"https:\/\/www.menergo.cz\/v-zdravem-tele-zdravy-duch\/","author":{"@type":"Person","@id":"https:\/\/www.menergo.cz\/author\/#Person","name":"menergo.cz\n","url":"https:\/\/www.menergo.cz\/author\/","identifier":1,"image":{"@type":"ImageObject","@id":"https:\/\/secure.gravatar.com\/avatar\/7b7a3ac09da7f6a75c5f1ebec5be454c22943a51b9f5595d89318ef09bd44dd1?s=96&d=mm&r=g","url":"https:\/\/secure.gravatar.com\/avatar\/7b7a3ac09da7f6a75c5f1ebec5be454c22943a51b9f5595d89318ef09bd44dd1?s=96&d=mm&r=g","height":96,"width":96}},"publisher":{"@type":"Organization","name":"menergo.cz","logo":{"@type":"ImageObject","@id":"\/logo.png","url":"\/logo.png","width":600,"height":60}},"image":null,"keywords":null},{"@type":"Article","@id":"https:\/\/www.menergo.cz\/zkuste-se-zamyslet-nad-slozenim-vaseho-jidelnicku-a-mnozstvim-zdraveho-pohybu\/","headline":"Zkuste se zamyslet nad slo\u017een\u00edm va\u0161eho j\u00eddeln\u00ed\u010dku a mno\u017estv\u00edm zdrav\u00e9ho pohybu","url":"https:\/\/www.menergo.cz\/zkuste-se-zamyslet-nad-slozenim-vaseho-jidelnicku-a-mnozstvim-zdraveho-pohybu\/","datePublished":"2023-04-27","dateModified":"2023-04-27","mainEntityOfPage":"https:\/\/www.menergo.cz\/zkuste-se-zamyslet-nad-slozenim-vaseho-jidelnicku-a-mnozstvim-zdraveho-pohybu\/","author":{"@type":"Person","@id":"https:\/\/www.menergo.cz\/author\/#Person","name":"menergo.cz\n","url":"https:\/\/www.menergo.cz\/author\/","identifier":1,"image":{"@type":"ImageObject","@id":"https:\/\/secure.gravatar.com\/avatar\/7b7a3ac09da7f6a75c5f1ebec5be454c22943a51b9f5595d89318ef09bd44dd1?s=96&d=mm&r=g","url":"https:\/\/secure.gravatar.com\/avatar\/7b7a3ac09da7f6a75c5f1ebec5be454c22943a51b9f5595d89318ef09bd44dd1?s=96&d=mm&r=g","height":96,"width":96}},"publisher":{"@type":"Organization","name":"menergo.cz","logo":{"@type":"ImageObject","@id":"\/logo.png","url":"\/logo.png","width":600,"height":60}},"image":null,"keywords":null},{"@type":"Article","@id":"https:\/\/www.menergo.cz\/co-vsechno-zaradit-na-podzim-do-jidelnicku\/","headline":"Co v\u0161echno za\u0159adit na podzim do j\u00eddeln\u00ed\u010dku","url":"https:\/\/www.menergo.cz\/co-vsechno-zaradit-na-podzim-do-jidelnicku\/","datePublished":"2023-04-27","dateModified":"2023-04-27","mainEntityOfPage":"https:\/\/www.menergo.cz\/co-vsechno-zaradit-na-podzim-do-jidelnicku\/","author":{"@type":"Person","@id":"https:\/\/www.menergo.cz\/author\/#Person","name":"menergo.cz\n","url":"https:\/\/www.menergo.cz\/author\/","identifier":1,"image":{"@type":"ImageObject","@id":"https:\/\/secure.gravatar.com\/avatar\/7b7a3ac09da7f6a75c5f1ebec5be454c22943a51b9f5595d89318ef09bd44dd1?s=96&d=mm&r=g","url":"https:\/\/secure.gravatar.com\/avatar\/7b7a3ac09da7f6a75c5f1ebec5be454c22943a51b9f5595d89318ef09bd44dd1?s=96&d=mm&r=g","height":96,"width":96}},"publisher":{"@type":"Organization","name":"menergo.cz","logo":{"@type":"ImageObject","@id":"\/logo.png","url":"\/logo.png","width":600,"height":60}},"image":null,"keywords":null},{"@type":"Article","@id":"https:\/\/www.menergo.cz\/zarivy-usmev-jako-z-reklamy-na-zubni-pastu\/","headline":"Z\u00e1\u0159iv\u00fd \u00fasm\u011bv jako z reklamy na zubn\u00ed pastu","url":"https:\/\/www.menergo.cz\/zarivy-usmev-jako-z-reklamy-na-zubni-pastu\/","datePublished":"2019-10-25","dateModified":"2023-04-27","mainEntityOfPage":"https:\/\/www.menergo.cz\/zarivy-usmev-jako-z-reklamy-na-zubni-pastu\/","author":{"@type":"Person","@id":"https:\/\/www.menergo.cz\/author\/#Person","name":"menergo.cz\n","url":"https:\/\/www.menergo.cz\/author\/","identifier":1,"image":{"@type":"ImageObject","@id":"https:\/\/secure.gravatar.com\/avatar\/7b7a3ac09da7f6a75c5f1ebec5be454c22943a51b9f5595d89318ef09bd44dd1?s=96&d=mm&r=g","url":"https:\/\/secure.gravatar.com\/avatar\/7b7a3ac09da7f6a75c5f1ebec5be454c22943a51b9f5595d89318ef09bd44dd1?s=96&d=mm&r=g","height":96,"width":96}},"publisher":{"@type":"Organization","name":"menergo.cz","logo":{"@type":"ImageObject","@id":"\/logo.png","url":"\/logo.png","width":600,"height":60}},"image":{"@type":"ImageObject","@id":"https:\/\/www.menergo.cz\/wp-content\/uploads\/img_a364948_w1734_t1578140966.jpg","url":"https:\/\/www.menergo.cz\/wp-content\/uploads\/img_a364948_w1734_t1578140966.jpg","height":0,"width":0},"keywords":null}]}